{"id":1122,"date":"2019-04-02T16:50:19","date_gmt":"2019-04-02T14:50:19","guid":{"rendered":"https:\/\/apasantamariadelmar.org\/ApaSMM\/?p=1122"},"modified":"2019-04-02T16:52:38","modified_gmt":"2019-04-02T14:52:38","slug":"jornadas-sobre-inclusion-social-y-educativa","status":"publish","type":"post","link":"https:\/\/apasantamariadelmar.org\/ApaSMM\/2019\/04\/jornadas-sobre-inclusion-social-y-educativa\/","title":{"rendered":"Jornada sobre Inclusi\u00f3n Social y Educativa"},"content":{"rendered":"<p style=\"text-align: justify;\">El mi\u00e9rcoles<strong> 10 de abril<\/strong> a las <strong>19h <\/strong>tendr\u00e1 lugar en el <strong>Colegio Hogar de Santa Margarita<\/strong> las<strong> I Jornadas sobre Inclusi\u00f3n Social y Educativa<\/strong>, organizadas por la Federaci\u00f3n Provincial de AMPAs de Colegios Concertados y Privados de A Coru\u00f1a, y enfocada tanto a padres, como alumnos y profesores.<!--more--><span id=\"more-1871\"><\/span><\/p>\n<div>\n<div dir=\"ltr\">\n<div>\n<div>\n<p style=\"text-align: justify;\">Esta charla-coloquio ofrecer\u00e1 una visi\u00f3n general de las barreras y dificultades que presentan en su d\u00eda a d\u00eda las personas con alguna discapacidad en el \u00e1mbito de la educaci\u00f3n ordinaria, as\u00ed como a nivel social.<\/p>\n<p style=\"text-align: justify;\">Estas jornadas, en la que se hablar\u00e1 de discapacidad, inclusi\u00f3n y sensibilizaci\u00f3n, cuentan con la colaboraci\u00f3n y participaci\u00f3n de las asociaciones <em><strong>Down Coru\u00f1a<\/strong><\/em> y <em><strong>ASPANAES<\/strong><\/em> y la <em><strong>Fundaci\u00f3n Abrente<\/strong><\/em>, organizadora de la <em>carrera ENKI<\/em>. En ella, tendremos la posibilidad de ver y escuchar el testimonio vital de dos personas que presentan una discapacidad intelectual y funcional. Nos hablar\u00e1n sobre su problem\u00e1tica, los escollos y obst\u00e1culos a los que se enfrentan para poder alcanzar una inclusi\u00f3n plena a nivel educativo, social y laboral.<\/p>\n<p style=\"text-align: justify;\">Desde el APA Santa Mar\u00eda del Mar pensamos que esta charla puede ser de gran inter\u00e9s para todos nosotros y que ser\u00e1 una buena oportunidad de acercarnos y conocer la realidad de las personas con discapacidad.<\/p>\n<p><img loading=\"lazy\" decoding=\"async\" class=\"aligncenter wp-image-1126 size-large\" src=\"https:\/\/apasantamariadelmar.org\/ApaSMM\/wp-content\/uploads\/2019\/04\/Cartel-I-Jornadas-sobre-Inclusi\u00f3n-Social-y-Educativa-1024x1024.jpg\" alt=\"\" width=\"625\" height=\"625\" srcset=\"https:\/\/apasantamariadelmar.org\/ApaSMM\/wp-content\/uploads\/2019\/04\/Cartel-I-Jornadas-sobre-Inclusi\u00f3n-Social-y-Educativa-1024x1024.jpg 1024w, https:\/\/apasantamariadelmar.org\/ApaSMM\/wp-content\/uploads\/2019\/04\/Cartel-I-Jornadas-sobre-Inclusi\u00f3n-Social-y-Educativa-150x150.jpg 150w, https:\/\/apasantamariadelmar.org\/ApaSMM\/wp-content\/uploads\/2019\/04\/Cartel-I-Jornadas-sobre-Inclusi\u00f3n-Social-y-Educativa-300x300.jpg 300w, https:\/\/apasantamariadelmar.org\/ApaSMM\/wp-content\/uploads\/2019\/04\/Cartel-I-Jornadas-sobre-Inclusi\u00f3n-Social-y-Educativa-768x768.jpg 768w, https:\/\/apasantamariadelmar.org\/ApaSMM\/wp-content\/uploads\/2019\/04\/Cartel-I-Jornadas-sobre-Inclusi\u00f3n-Social-y-Educativa-960x960.jpg 960w, https:\/\/apasantamariadelmar.org\/ApaSMM\/wp-content\/uploads\/2019\/04\/Cartel-I-Jornadas-sobre-Inclusi\u00f3n-Social-y-Educativa.jpg 1080w\" sizes=\"auto, (max-width: 625px) 100vw, 625px\" \/><\/p>\n<\/div>\n<\/div>\n<\/div>\n<\/div>\n","protected":false},"excerpt":{"rendered":"<p>El mi\u00e9rcoles 10 de abril a las 19h tendr\u00e1 lugar en el Colegio Hogar de Santa Margarita las I Jornadas sobre Inclusi\u00f3n Social y Educativa, organizadas por la Federaci\u00f3n Provincial de AMPAs de Colegios Concertados y Privados de A Coru\u00f1a, y enfocada tanto a padres, como alumnos y profesores.<\/p>\n","protected":false},"author":1,"featured_media":0,"comment_status":"closed","ping_status":"closed","sticky":false,"template":"","format":"standard","meta":{"jetpack_post_was_ever_published":false,"_jetpack_newsletter_access":"","_jetpack_dont_email_post_to_subs":false,"_jetpack_newsletter_tier_id":0,"_jetpack_memberships_contains_paywalled_content":false,"_jetpack_memberships_contains_paid_content":false,"footnotes":""},"categories":[1],"tags":[],"class_list":{"0":"post-1122","1":"post","2":"type-post","3":"status-publish","4":"format-standard","6":"category-uncategorized","7":"h-entry","8":"hentry","9":"h-as-article"},"jetpack_featured_media_url":"","jetpack_sharing_enabled":true,"post_mailing_queue_ids":[],"_links":{"self":[{"href":"https:\/\/apasantamariadelmar.org\/ApaSMM\/wp-json\/wp\/v2\/posts\/1122","targetHints":{"allow":["GET"]}}],"collection":[{"href":"https:\/\/apasantamariadelmar.org\/ApaSMM\/wp-json\/wp\/v2\/posts"}],"about":[{"href":"https:\/\/apasantamariadelmar.org\/ApaSMM\/wp-json\/wp\/v2\/types\/post"}],"author":[{"embeddable":true,"href":"https:\/\/apasantamariadelmar.org\/ApaSMM\/wp-json\/wp\/v2\/users\/1"}],"replies":[{"embeddable":true,"href":"https:\/\/apasantamariadelmar.org\/ApaSMM\/wp-json\/wp\/v2\/comments?post=1122"}],"version-history":[{"count":7,"href":"https:\/\/apasantamariadelmar.org\/ApaSMM\/wp-json\/wp\/v2\/posts\/1122\/revisions"}],"predecessor-version":[{"id":1131,"href":"https:\/\/apasantamariadelmar.org\/ApaSMM\/wp-json\/wp\/v2\/posts\/1122\/revisions\/1131"}],"wp:attachment":[{"href":"https:\/\/apasantamariadelmar.org\/ApaSMM\/wp-json\/wp\/v2\/media?parent=1122"}],"wp:term":[{"taxonomy":"category","embeddable":true,"href":"https:\/\/apasantamariadelmar.org\/ApaSMM\/wp-json\/wp\/v2\/categories?post=1122"},{"taxonomy":"post_tag","embeddable":true,"href":"https:\/\/apasantamariadelmar.org\/ApaSMM\/wp-json\/wp\/v2\/tags?post=1122"}],"curies":[{"name":"wp","href":"https:\/\/api.w.org\/{rel}","templated":true}]}}