{"id":1171,"date":"2019-06-19T18:49:35","date_gmt":"2019-06-19T16:49:35","guid":{"rendered":"https:\/\/apasantamariadelmar.org\/ApaSMM\/?p=1171"},"modified":"2019-06-19T18:49:47","modified_gmt":"2019-06-19T16:49:47","slug":"mercadillo-solidario-5","status":"publish","type":"post","link":"https:\/\/apasantamariadelmar.org\/ApaSMM\/2019\/06\/mercadillo-solidario-5\/","title":{"rendered":"Mercadillo solidario"},"content":{"rendered":"\n<p style=\"text-align: justify;\">Con el fin de colaborar con la Ong Jesuita para la educaci\u00f3n y el desarrollo <a href=\"https:\/\/www.entreculturas.org\/es\/home\" target=\"_blank\" rel=\"noopener noreferrer\">ENTRECULTURAS<\/a>, el pr\u00f3ximo mi\u00e9rcoles 3 de julio de 15:00 a 16:30 horas tendr\u00e1 lugar, en el hall del colegio, una nueva edici\u00f3n del mercadillo solidario.<!--more--><\/p>\n<p style=\"text-align: justify;\">Pero para que este mercadillo se pueda llevar a cabo necesitamos vuestra colaboraci\u00f3n donando todo ese material al que ya no le vamos a dar uso, pero que todav\u00eda est\u00e1 en buen estado, para que otras familias puedan adquirirlo por un precio simb\u00f3lico y seguir utiliz\u00e1ndolo. Concretamente, estamos hablando de uniformes, ropa deportiva reglamentaria del colegio, libros de texto y libros en general que se encuentren en buen estado de uso.<\/p>\n<p style=\"text-align: justify;\">El material donado podr\u00e1 entregarse en la recepci\u00f3n del colegio en horario escolar hasta el lunes 1 de julio.<\/p>\n<p style=\"text-align: justify;\">Asimismo, el material que se encuentre en objetos perdidos podr\u00e1 recuperarse en el colegio hasta el mes de septiembre. Todo el material que no se haya reclamado hasta ese momento ser\u00e1 donado por el colegio al mercadillo que tendr\u00e1 lugar a principios del pr\u00f3ximo curso.<\/p>\n<p style=\"text-align: justify;\">M\u00e1s informaci\u00f3n <a href=\"https:\/\/apasantamariadelmar.org\/ApaSMM\/wp-content\/uploads\/2019\/07\/Carta-Mercadillo-2019-07.pdf\" target=\"_blank\" rel=\"noopener noreferrer\">aqu\u00ed<\/a>.<\/p>\n<p style=\"text-align: justify;\">Desde el APA queremos agradecer de antemano vuestra participaci\u00f3n.<\/p>\n","protected":false},"excerpt":{"rendered":"<p>Con el fin de colaborar con la Ong Jesuita para la educaci\u00f3n y el desarrollo ENTRECULTURAS, el pr\u00f3ximo mi\u00e9rcoles 3 de julio de 15:00 a 16:30 horas tendr\u00e1 lugar, en el hall del colegio, una nueva edici\u00f3n del mercadillo solidario.<\/p>\n","protected":false},"author":1,"featured_media":0,"comment_status":"closed","ping_status":"closed","sticky":false,"template":"","format":"standard","meta":{"jetpack_post_was_ever_published":false,"_jetpack_newsletter_access":"","_jetpack_dont_email_post_to_subs":false,"_jetpack_newsletter_tier_id":0,"_jetpack_memberships_contains_paywalled_content":false,"_jetpack_memberships_contains_paid_content":false,"footnotes":""},"categories":[1],"tags":[],"class_list":{"0":"post-1171","1":"post","2":"type-post","3":"status-publish","4":"format-standard","6":"category-uncategorized","7":"h-entry","8":"hentry","9":"h-as-article"},"jetpack_featured_media_url":"","jetpack_sharing_enabled":true,"post_mailing_queue_ids":[],"_links":{"self":[{"href":"https:\/\/apasantamariadelmar.org\/ApaSMM\/wp-json\/wp\/v2\/posts\/1171","targetHints":{"allow":["GET"]}}],"collection":[{"href":"https:\/\/apasantamariadelmar.org\/ApaSMM\/wp-json\/wp\/v2\/posts"}],"about":[{"href":"https:\/\/apasantamariadelmar.org\/ApaSMM\/wp-json\/wp\/v2\/types\/post"}],"author":[{"embeddable":true,"href":"https:\/\/apasantamariadelmar.org\/ApaSMM\/wp-json\/wp\/v2\/users\/1"}],"replies":[{"embeddable":true,"href":"https:\/\/apasantamariadelmar.org\/ApaSMM\/wp-json\/wp\/v2\/comments?post=1171"}],"version-history":[{"count":2,"href":"https:\/\/apasantamariadelmar.org\/ApaSMM\/wp-json\/wp\/v2\/posts\/1171\/revisions"}],"predecessor-version":[{"id":1176,"href":"https:\/\/apasantamariadelmar.org\/ApaSMM\/wp-json\/wp\/v2\/posts\/1171\/revisions\/1176"}],"wp:attachment":[{"href":"https:\/\/apasantamariadelmar.org\/ApaSMM\/wp-json\/wp\/v2\/media?parent=1171"}],"wp:term":[{"taxonomy":"category","embeddable":true,"href":"https:\/\/apasantamariadelmar.org\/ApaSMM\/wp-json\/wp\/v2\/categories?post=1171"},{"taxonomy":"post_tag","embeddable":true,"href":"https:\/\/apasantamariadelmar.org\/ApaSMM\/wp-json\/wp\/v2\/tags?post=1171"}],"curies":[{"name":"wp","href":"https:\/\/api.w.org\/{rel}","templated":true}]}}