{"id":1299,"date":"2020-06-10T13:19:29","date_gmt":"2020-06-10T11:19:29","guid":{"rendered":"https:\/\/apasantamariadelmar.org\/ApaSMM\/?p=1299"},"modified":"2020-06-10T13:19:31","modified_gmt":"2020-06-10T11:19:31","slug":"estudio-sobre-conciliacion","status":"publish","type":"post","link":"https:\/\/apasantamariadelmar.org\/ApaSMM\/2020\/06\/estudio-sobre-conciliacion\/","title":{"rendered":"Estudio sobre conciliaci\u00f3n"},"content":{"rendered":"\n<p style=\"text-align: justify;\">Hemos recibido en el APA una solicitud para dar difusi\u00f3n al siguiente estudio en el que participa la Universidad de Santiago que entendemos podr\u00eda ser de inter\u00e9s. <!--more--><\/p>\n<blockquote>\n<p style=\"text-align: justify;\">El grupo de investigaci\u00f3n en <a href=\"http:\/\/www.sepa.gal\">Pedagog\u00eda Social y Educaci\u00f3n Ambiental de la Universidad de Santiago de Compostela<\/a>, realiza un estudio que tiene como finalidad conocer c\u00f3mo ha sido la conciliaci\u00f3n y los tiempos de ocio de las familias con hijas e hijos escolarizados en Educaci\u00f3n Primaria durante el confinamiento. Tambi\u00e9n, busca indagar las medidas que ser\u00e1n<br \/>necesarias para el pr\u00f3ximo curso escolar y hacer propuestas.<br \/>Su colaboraci\u00f3n resulta imprescindible para realizar este trabajo. Puede cubrir una breve encuesta an\u00f3nima en el siguiente enlace: <a href=\"https:\/\/www.survio.com\/survey\/d\/contiempos\">https:\/\/www.survio.com\/survey\/d\/contiempos<\/a><br \/>Rell\u00e9nelo solo si tiene hijos o hijas cursando Educaci\u00f3n Primaria.<br \/>Los datos recogidos respetan la legislaci\u00f3n vigente de Protecci\u00f3n de Datos Personales.<br \/>Agradecemos su sinceridad, su tiempo y disponibilidad.<br \/>Si quiere saber m\u00e1s, estamos en <a href=\"http:\/\/www.contiempos.com\">www.contiempos.com<\/a><\/p>\n<\/blockquote>\n","protected":false},"excerpt":{"rendered":"<p>Hemos recibido en el APA una solicitud para dar difusi\u00f3n al siguiente estudio en el que participa la Universidad de Santiago que entendemos podr\u00eda ser de inter\u00e9s.<\/p>\n","protected":false},"author":1,"featured_media":0,"comment_status":"closed","ping_status":"closed","sticky":false,"template":"","format":"standard","meta":{"jetpack_post_was_ever_published":false,"_jetpack_newsletter_access":"","_jetpack_dont_email_post_to_subs":false,"_jetpack_newsletter_tier_id":0,"_jetpack_memberships_contains_paywalled_content":false,"_jetpack_memberships_contains_paid_content":false,"footnotes":""},"categories":[1],"tags":[],"class_list":{"0":"post-1299","1":"post","2":"type-post","3":"status-publish","4":"format-standard","6":"category-uncategorized","7":"h-entry","8":"hentry","9":"h-as-article"},"jetpack_featured_media_url":"","jetpack_sharing_enabled":true,"post_mailing_queue_ids":[],"_links":{"self":[{"href":"https:\/\/apasantamariadelmar.org\/ApaSMM\/wp-json\/wp\/v2\/posts\/1299","targetHints":{"allow":["GET"]}}],"collection":[{"href":"https:\/\/apasantamariadelmar.org\/ApaSMM\/wp-json\/wp\/v2\/posts"}],"about":[{"href":"https:\/\/apasantamariadelmar.org\/ApaSMM\/wp-json\/wp\/v2\/types\/post"}],"author":[{"embeddable":true,"href":"https:\/\/apasantamariadelmar.org\/ApaSMM\/wp-json\/wp\/v2\/users\/1"}],"replies":[{"embeddable":true,"href":"https:\/\/apasantamariadelmar.org\/ApaSMM\/wp-json\/wp\/v2\/comments?post=1299"}],"version-history":[{"count":3,"href":"https:\/\/apasantamariadelmar.org\/ApaSMM\/wp-json\/wp\/v2\/posts\/1299\/revisions"}],"predecessor-version":[{"id":1302,"href":"https:\/\/apasantamariadelmar.org\/ApaSMM\/wp-json\/wp\/v2\/posts\/1299\/revisions\/1302"}],"wp:attachment":[{"href":"https:\/\/apasantamariadelmar.org\/ApaSMM\/wp-json\/wp\/v2\/media?parent=1299"}],"wp:term":[{"taxonomy":"category","embeddable":true,"href":"https:\/\/apasantamariadelmar.org\/ApaSMM\/wp-json\/wp\/v2\/categories?post=1299"},{"taxonomy":"post_tag","embeddable":true,"href":"https:\/\/apasantamariadelmar.org\/ApaSMM\/wp-json\/wp\/v2\/tags?post=1299"}],"curies":[{"name":"wp","href":"https:\/\/api.w.org\/{rel}","templated":true}]}}