{"id":1476,"date":"2021-09-04T20:53:56","date_gmt":"2021-09-04T18:53:56","guid":{"rendered":"https:\/\/apasantamariadelmar.org\/ApaSMM\/?p=1476"},"modified":"2021-09-04T20:53:59","modified_gmt":"2021-09-04T18:53:59","slug":"mercadillo-solidario-8","status":"publish","type":"post","link":"https:\/\/apasantamariadelmar.org\/ApaSMM\/2021\/09\/mercadillo-solidario-8\/","title":{"rendered":"Mercadillo solidario"},"content":{"rendered":"\n<p>Con el fin de colaborar con la Ong Jesuita para la educaci\u00f3n y el desarrollo <a href=\"http:\/\/www.entreculturas.org\">ENTRECULTURAS<\/a>, este mes de septiembre tendr\u00e1 lugar una nueva edici\u00f3n del mercadillo solidario en el siguiente horario:<\/p>\n<ul>\n<li>Mi\u00e9rcoles 8 de septiembre de 12:00 a 15:00 en el hall del colegio para los asociados al APA.<\/li>\n<li>Mi\u00e9rcoles 8 de septiembre de 15:00 a 18:00 en el hall del colegio para el p\u00fablico en general.<\/li>\n<\/ul>\n<p><!--more-->Pero para que este mercadillo se pueda llevar a cabo necesitamos vuestra colaboraci\u00f3n donando todo ese material al que ya no le vamos a dar uso, pero que todav\u00eda est\u00e1 en buen estado, para que otras familias puedan adquirirlo por un precio simb\u00f3lico y seguir utiliz\u00e1ndolo. Concretamente, estamos hablando de uniformes, ropa deportiva reglamentaria del colegio, libros de texto y libros en general que se encuentren en buen estado de uso.<\/p>\n<p>El material donado podr\u00e1 entregarse en la recepci\u00f3n del colegio hasta las 15:00 del lunes 6 de septiembre.<\/p>\n<p>M\u00e1s informaci\u00f3n <a href=\"https:\/\/apasantamariadelmar.org\/ApaSMM\/wp-content\/uploads\/2021\/Mercadillo-Septiembre-2021.pdf\">aqu\u00ed<\/a>.<\/p>\n<p>Desde el APA queremos agradecer de antemano vuestra participaci\u00f3n.<\/p>\n","protected":false},"excerpt":{"rendered":"<p>Con el fin de colaborar con la Ong Jesuita para la educaci\u00f3n y el desarrollo ENTRECULTURAS, este mes de septiembre tendr\u00e1 lugar una nueva edici\u00f3n del mercadillo solidario en el siguiente horario: Mi\u00e9rcoles 8 de septiembre de 12:00 a 15:00 en el hall del colegio para los asociados al APA. Mi\u00e9rcoles 8 de septiembre de <a href=\"https:\/\/apasantamariadelmar.org\/ApaSMM\/2021\/09\/mercadillo-solidario-8\/\" class=\"more-link\">...contin\u00faa leyendo<span class=\"screen-reader-text\"> \"Mercadillo solidario\"<\/span><\/a><\/p>\n","protected":false},"author":1,"featured_media":0,"comment_status":"closed","ping_status":"closed","sticky":false,"template":"","format":"standard","meta":{"jetpack_post_was_ever_published":false,"_jetpack_newsletter_access":"","_jetpack_dont_email_post_to_subs":false,"_jetpack_newsletter_tier_id":0,"_jetpack_memberships_contains_paywalled_content":false,"_jetpack_memberships_contains_paid_content":false,"footnotes":""},"categories":[1],"tags":[],"class_list":{"0":"post-1476","1":"post","2":"type-post","3":"status-publish","4":"format-standard","6":"category-uncategorized","7":"h-entry","8":"hentry","9":"h-as-article"},"jetpack_featured_media_url":"","jetpack_sharing_enabled":true,"post_mailing_queue_ids":[],"_links":{"self":[{"href":"https:\/\/apasantamariadelmar.org\/ApaSMM\/wp-json\/wp\/v2\/posts\/1476","targetHints":{"allow":["GET"]}}],"collection":[{"href":"https:\/\/apasantamariadelmar.org\/ApaSMM\/wp-json\/wp\/v2\/posts"}],"about":[{"href":"https:\/\/apasantamariadelmar.org\/ApaSMM\/wp-json\/wp\/v2\/types\/post"}],"author":[{"embeddable":true,"href":"https:\/\/apasantamariadelmar.org\/ApaSMM\/wp-json\/wp\/v2\/users\/1"}],"replies":[{"embeddable":true,"href":"https:\/\/apasantamariadelmar.org\/ApaSMM\/wp-json\/wp\/v2\/comments?post=1476"}],"version-history":[{"count":6,"href":"https:\/\/apasantamariadelmar.org\/ApaSMM\/wp-json\/wp\/v2\/posts\/1476\/revisions"}],"predecessor-version":[{"id":1483,"href":"https:\/\/apasantamariadelmar.org\/ApaSMM\/wp-json\/wp\/v2\/posts\/1476\/revisions\/1483"}],"wp:attachment":[{"href":"https:\/\/apasantamariadelmar.org\/ApaSMM\/wp-json\/wp\/v2\/media?parent=1476"}],"wp:term":[{"taxonomy":"category","embeddable":true,"href":"https:\/\/apasantamariadelmar.org\/ApaSMM\/wp-json\/wp\/v2\/categories?post=1476"},{"taxonomy":"post_tag","embeddable":true,"href":"https:\/\/apasantamariadelmar.org\/ApaSMM\/wp-json\/wp\/v2\/tags?post=1476"}],"curies":[{"name":"wp","href":"https:\/\/api.w.org\/{rel}","templated":true}]}}