{"id":1628,"date":"2021-12-10T15:53:51","date_gmt":"2021-12-10T13:53:51","guid":{"rendered":"https:\/\/apasantamariadelmar.org\/ApaSMM\/?p=1628"},"modified":"2021-12-10T15:53:52","modified_gmt":"2021-12-10T13:53:52","slug":"acuerdo-con-4c-centro-optico-y-mar-de-letras","status":"publish","type":"post","link":"https:\/\/apasantamariadelmar.org\/ApaSMM\/2021\/12\/acuerdo-con-4c-centro-optico-y-mar-de-letras\/","title":{"rendered":"Acuerdo con 4C Centro \u00d3ptico y Mar de Letras"},"content":{"rendered":"\n<div class=\"entry-content\">\n<p>El APA Santa Mar\u00eda del Mar ha suscrito los siguientes nuevos acuerdos de colaboraci\u00f3n:<\/p>\n<ul>\n<li style=\"text-align: justify;\"><a href=\"https:\/\/es-es.facebook.com\/Optica4c\/\" target=\"_blank\" rel=\"noopener\">4C Centro \u00d3ptico<\/a>, que cuenta con m\u00e1s de 20 a\u00f1os de experiencia en salud visual y est\u00e1n especializados en ex\u00e1menes optom\u00e9tricos, medida de la tensi\u00f3n ocular, retinograf\u00edas o adaptaci\u00f3n de lentes de contacto de todo tipo.<\/li>\n<li style=\"text-align: justify;\"><a href=\"https:\/\/lamardeletras.com\/\" target=\"_blank\" rel=\"noopener\">Mar de Letras<\/a>, librer\u00eda y papeler\u00eda de referencia en la zona de Perillo \u2013 Oleiros con m\u00e1s de 20 a\u00f1os de experiencia y que actualmente est\u00e1 inmersa en acercar la cultura y el entretenimiento responsable a todas las personas en general y a las m\u00e1s j\u00f3venes en particular mediante diferentes actividades y talleres.<\/li>\n<\/ul>\n<p>Puedes ver estas ofertas <a href=\"https:\/\/apasantamariadelmar.org\/ApaSMM\/empresas-colaboradoras\/\">aqu\u00ed<\/a>.<\/p>\n<\/div>\n","protected":false},"excerpt":{"rendered":"<p>El APA Santa Mar\u00eda del Mar ha suscrito los siguientes nuevos acuerdos de colaboraci\u00f3n: 4C Centro \u00d3ptico, que cuenta con m\u00e1s de 20 a\u00f1os de experiencia en salud visual y est\u00e1n especializados en ex\u00e1menes optom\u00e9tricos, medida de la tensi\u00f3n ocular, retinograf\u00edas o adaptaci\u00f3n de lentes de contacto de todo tipo. Mar de Letras, librer\u00eda y <a href=\"https:\/\/apasantamariadelmar.org\/ApaSMM\/2021\/12\/acuerdo-con-4c-centro-optico-y-mar-de-letras\/\" class=\"more-link\">...contin\u00faa leyendo<span class=\"screen-reader-text\"> \"Acuerdo con 4C Centro \u00d3ptico y Mar de Letras\"<\/span><\/a><\/p>\n","protected":false},"author":1,"featured_media":0,"comment_status":"closed","ping_status":"closed","sticky":false,"template":"","format":"standard","meta":{"jetpack_post_was_ever_published":false,"_jetpack_newsletter_access":"","_jetpack_dont_email_post_to_subs":false,"_jetpack_newsletter_tier_id":0,"_jetpack_memberships_contains_paywalled_content":false,"_jetpack_memberships_contains_paid_content":false,"footnotes":""},"categories":[1],"tags":[],"class_list":{"0":"post-1628","1":"post","2":"type-post","3":"status-publish","4":"format-standard","6":"category-uncategorized","7":"h-entry","8":"hentry","9":"h-as-article"},"jetpack_featured_media_url":"","jetpack_sharing_enabled":true,"post_mailing_queue_ids":[],"_links":{"self":[{"href":"https:\/\/apasantamariadelmar.org\/ApaSMM\/wp-json\/wp\/v2\/posts\/1628","targetHints":{"allow":["GET"]}}],"collection":[{"href":"https:\/\/apasantamariadelmar.org\/ApaSMM\/wp-json\/wp\/v2\/posts"}],"about":[{"href":"https:\/\/apasantamariadelmar.org\/ApaSMM\/wp-json\/wp\/v2\/types\/post"}],"author":[{"embeddable":true,"href":"https:\/\/apasantamariadelmar.org\/ApaSMM\/wp-json\/wp\/v2\/users\/1"}],"replies":[{"embeddable":true,"href":"https:\/\/apasantamariadelmar.org\/ApaSMM\/wp-json\/wp\/v2\/comments?post=1628"}],"version-history":[{"count":1,"href":"https:\/\/apasantamariadelmar.org\/ApaSMM\/wp-json\/wp\/v2\/posts\/1628\/revisions"}],"predecessor-version":[{"id":1629,"href":"https:\/\/apasantamariadelmar.org\/ApaSMM\/wp-json\/wp\/v2\/posts\/1628\/revisions\/1629"}],"wp:attachment":[{"href":"https:\/\/apasantamariadelmar.org\/ApaSMM\/wp-json\/wp\/v2\/media?parent=1628"}],"wp:term":[{"taxonomy":"category","embeddable":true,"href":"https:\/\/apasantamariadelmar.org\/ApaSMM\/wp-json\/wp\/v2\/categories?post=1628"},{"taxonomy":"post_tag","embeddable":true,"href":"https:\/\/apasantamariadelmar.org\/ApaSMM\/wp-json\/wp\/v2\/tags?post=1628"}],"curies":[{"name":"wp","href":"https:\/\/api.w.org\/{rel}","templated":true}]}}