{"id":1685,"date":"2022-04-28T14:09:24","date_gmt":"2022-04-28T12:09:24","guid":{"rendered":"https:\/\/apasantamariadelmar.org\/ApaSMM\/?p=1685"},"modified":"2022-04-28T14:09:25","modified_gmt":"2022-04-28T12:09:25","slug":"hermanamiento-mozambique-esil","status":"publish","type":"post","link":"https:\/\/apasantamariadelmar.org\/ApaSMM\/2022\/04\/hermanamiento-mozambique-esil\/","title":{"rendered":"Hermanamiento Mozambique ESIL"},"content":{"rendered":"\n<p style=\"text-align: justify;\">Del 25 al 29 de abril se est\u00e1 celebrando en el colegio la Semana de Acci\u00f3n Mundial por la Educaci\u00f3n (SAME), Semana de Hermanamiento Escolar con la Escola Secundaria Ignacio de Loyola (ESIL) y la escolinha CEI AMAN en Tete. En todas las etapas, y desde distintos enfoques, se est\u00e1n desarrollando actividades y elaborando recursos que se pueden ver en los siguientes blogs del hermanamiento:<br \/>https:\/\/mulibwanjismmesil.home.blog\/ y https:\/\/fitasdevento.wordpress.com\/<!--more--><\/p>\n<p style=\"text-align: justify;\">Adem\u00e1s, hoy jueves se presenta una campa\u00f1a solidaria de venta de bolsas con un logo realizado por los alumnos bajo el lema \"Estamos juntos!\".<\/p>\n<p style=\"text-align: justify;\">Las bolsas se pondr\u00e1n a la venta en el hall de la poliescalera los d\u00edas 28 y 29 (jueves y viernes) durante los patios. Los alumnos de primaria y secundaria podr\u00e1n adquirir una de estas bolsas de tela por 5\u20ac (m\u00e1s la voluntad).<\/p>\n<p style=\"text-align: justify;\">Los beneficios de la campa\u00f1a se destinan a la formaci\u00f3n del profesorado de la ESIL, atendiendo a la petici\u00f3n que nos ha formulado su director y que contribuir\u00e1 a motivar al claustro de la ESIL y mejorar la calidad de ense\u00f1anza del centro.<\/p>\n","protected":false},"excerpt":{"rendered":"<p>Del 25 al 29 de abril se est\u00e1 celebrando en el colegio la Semana de Acci\u00f3n Mundial por la Educaci\u00f3n (SAME), Semana de Hermanamiento Escolar con la Escola Secundaria Ignacio de Loyola (ESIL) y la escolinha CEI AMAN en Tete. En todas las etapas, y desde distintos enfoques, se est\u00e1n desarrollando actividades y elaborando recursos <a href=\"https:\/\/apasantamariadelmar.org\/ApaSMM\/2022\/04\/hermanamiento-mozambique-esil\/\" class=\"more-link\">...contin\u00faa leyendo<span class=\"screen-reader-text\"> \"Hermanamiento Mozambique ESIL\"<\/span><\/a><\/p>\n","protected":false},"author":1,"featured_media":0,"comment_status":"closed","ping_status":"closed","sticky":false,"template":"","format":"standard","meta":{"jetpack_post_was_ever_published":false,"_jetpack_newsletter_access":"","_jetpack_dont_email_post_to_subs":false,"_jetpack_newsletter_tier_id":0,"_jetpack_memberships_contains_paywalled_content":false,"_jetpack_memberships_contains_paid_content":false,"footnotes":""},"categories":[1],"tags":[],"class_list":{"0":"post-1685","1":"post","2":"type-post","3":"status-publish","4":"format-standard","6":"category-uncategorized","7":"h-entry","8":"hentry","9":"h-as-article"},"jetpack_featured_media_url":"","jetpack_sharing_enabled":true,"post_mailing_queue_ids":[],"_links":{"self":[{"href":"https:\/\/apasantamariadelmar.org\/ApaSMM\/wp-json\/wp\/v2\/posts\/1685","targetHints":{"allow":["GET"]}}],"collection":[{"href":"https:\/\/apasantamariadelmar.org\/ApaSMM\/wp-json\/wp\/v2\/posts"}],"about":[{"href":"https:\/\/apasantamariadelmar.org\/ApaSMM\/wp-json\/wp\/v2\/types\/post"}],"author":[{"embeddable":true,"href":"https:\/\/apasantamariadelmar.org\/ApaSMM\/wp-json\/wp\/v2\/users\/1"}],"replies":[{"embeddable":true,"href":"https:\/\/apasantamariadelmar.org\/ApaSMM\/wp-json\/wp\/v2\/comments?post=1685"}],"version-history":[{"count":2,"href":"https:\/\/apasantamariadelmar.org\/ApaSMM\/wp-json\/wp\/v2\/posts\/1685\/revisions"}],"predecessor-version":[{"id":1687,"href":"https:\/\/apasantamariadelmar.org\/ApaSMM\/wp-json\/wp\/v2\/posts\/1685\/revisions\/1687"}],"wp:attachment":[{"href":"https:\/\/apasantamariadelmar.org\/ApaSMM\/wp-json\/wp\/v2\/media?parent=1685"}],"wp:term":[{"taxonomy":"category","embeddable":true,"href":"https:\/\/apasantamariadelmar.org\/ApaSMM\/wp-json\/wp\/v2\/categories?post=1685"},{"taxonomy":"post_tag","embeddable":true,"href":"https:\/\/apasantamariadelmar.org\/ApaSMM\/wp-json\/wp\/v2\/tags?post=1685"}],"curies":[{"name":"wp","href":"https:\/\/api.w.org\/{rel}","templated":true}]}}