{"id":1818,"date":"2023-04-22T18:22:44","date_gmt":"2023-04-22T16:22:44","guid":{"rendered":"https:\/\/apasantamariadelmar.org\/ApaSMM\/?p=1818"},"modified":"2023-04-22T18:22:46","modified_gmt":"2023-04-22T16:22:46","slug":"conferencia-de-ana-berastegui-pedro-viejo-en-el-centro-fonseca","status":"publish","type":"post","link":"https:\/\/apasantamariadelmar.org\/ApaSMM\/2023\/04\/conferencia-de-ana-berastegui-pedro-viejo-en-el-centro-fonseca\/","title":{"rendered":"Conferencia de Ana Ber\u00e1stegui Pedro-Viejo en el Centro Fonseca"},"content":{"rendered":"\n<p style=\"text-align: left;\"><span style=\"color: #0000ff;\">Lunes, 24 de abril<\/span><br \/><span style=\"color: #ff0000;\">\u201cConstruir familias abiertas\u201d<\/span><br \/><em>La familia necesita abrir las puertas para desarrollar plenamente su vocaci\u00f3n y misi\u00f3n en el mundo.<\/em><br \/><em>Existen, al menos, 10 puertas de la familia, que se tienen que ir abriendo en su d\u00eda a d\u00eda: la puerta de entrada, la puerta del cambio, la puerta de las diferencias, la puerta de la vida, la puerta del otro, la puerta del hermano<\/em><em>, la puerta del pr\u00f3jimo, la puerta de la dependencia, la puerta hacia el mundo, la puerta de salida...<\/em><em>.<\/em><br \/><strong>ANA BERASTEGUI PEDRO-VIEJO<\/strong><br \/>Cofundadora y miembro del equipo Primera Alianza (www.primeraalianza.<br \/>com) y del programa Aprender Seguros-Escuelas que cuidan. En la actualidad, dirige la C\u00e1tedra de Familia y Discapacidad: Fundaci\u00f3n Repsol-Down Madrid y los programas DEMOS de formaci\u00f3n postobligatoria para j\u00f3venes con discapacidad intelectual. Colabora con diversas instituciones en la formaci\u00f3n de familias, profesionales y agentes sociales.<br \/><br \/><span style=\"color: #ff0000;\">CONFERENCIA en el Centro Fonseca<\/span><br \/><span style=\"color: #ff0000;\">Sal\u00f3n de Actos - Fonseca, 8 - Hora: 20:15<\/span><br \/><span style=\"color: #ff0000;\">Entrada libre hasta completar aforo<\/span><\/p>\n<p>\u00a0<\/p>\n","protected":false},"excerpt":{"rendered":"<p>Lunes, 24 de abril\u201cConstruir familias abiertas\u201dLa familia necesita abrir las puertas para desarrollar plenamente su vocaci\u00f3n y misi\u00f3n en el mundo.Existen, al menos, 10 puertas de la familia, que se tienen que ir abriendo en su d\u00eda a d\u00eda: la puerta de entrada, la puerta del cambio, la puerta de las diferencias, la puerta de <a href=\"https:\/\/apasantamariadelmar.org\/ApaSMM\/2023\/04\/conferencia-de-ana-berastegui-pedro-viejo-en-el-centro-fonseca\/\" class=\"more-link\">...contin\u00faa leyendo<span class=\"screen-reader-text\"> \"Conferencia de Ana Ber\u00e1stegui Pedro-Viejo en el Centro Fonseca\"<\/span><\/a><\/p>\n","protected":false},"author":1,"featured_media":0,"comment_status":"closed","ping_status":"closed","sticky":false,"template":"","format":"standard","meta":{"jetpack_post_was_ever_published":false,"_jetpack_newsletter_access":"","_jetpack_dont_email_post_to_subs":false,"_jetpack_newsletter_tier_id":0,"_jetpack_memberships_contains_paywalled_content":false,"_jetpack_memberships_contains_paid_content":false,"footnotes":""},"categories":[1],"tags":[],"class_list":{"0":"post-1818","1":"post","2":"type-post","3":"status-publish","4":"format-standard","6":"category-uncategorized","7":"h-entry","8":"hentry","9":"h-as-article"},"jetpack_featured_media_url":"","jetpack_sharing_enabled":true,"post_mailing_queue_ids":[],"_links":{"self":[{"href":"https:\/\/apasantamariadelmar.org\/ApaSMM\/wp-json\/wp\/v2\/posts\/1818","targetHints":{"allow":["GET"]}}],"collection":[{"href":"https:\/\/apasantamariadelmar.org\/ApaSMM\/wp-json\/wp\/v2\/posts"}],"about":[{"href":"https:\/\/apasantamariadelmar.org\/ApaSMM\/wp-json\/wp\/v2\/types\/post"}],"author":[{"embeddable":true,"href":"https:\/\/apasantamariadelmar.org\/ApaSMM\/wp-json\/wp\/v2\/users\/1"}],"replies":[{"embeddable":true,"href":"https:\/\/apasantamariadelmar.org\/ApaSMM\/wp-json\/wp\/v2\/comments?post=1818"}],"version-history":[{"count":6,"href":"https:\/\/apasantamariadelmar.org\/ApaSMM\/wp-json\/wp\/v2\/posts\/1818\/revisions"}],"predecessor-version":[{"id":1824,"href":"https:\/\/apasantamariadelmar.org\/ApaSMM\/wp-json\/wp\/v2\/posts\/1818\/revisions\/1824"}],"wp:attachment":[{"href":"https:\/\/apasantamariadelmar.org\/ApaSMM\/wp-json\/wp\/v2\/media?parent=1818"}],"wp:term":[{"taxonomy":"category","embeddable":true,"href":"https:\/\/apasantamariadelmar.org\/ApaSMM\/wp-json\/wp\/v2\/categories?post=1818"},{"taxonomy":"post_tag","embeddable":true,"href":"https:\/\/apasantamariadelmar.org\/ApaSMM\/wp-json\/wp\/v2\/tags?post=1818"}],"curies":[{"name":"wp","href":"https:\/\/api.w.org\/{rel}","templated":true}]}}