{"id":1961,"date":"2024-12-16T15:07:50","date_gmt":"2024-12-16T14:07:50","guid":{"rendered":"https:\/\/apasantamariadelmar.org\/ApaSMM\/?p=1961"},"modified":"2024-12-16T15:07:52","modified_gmt":"2024-12-16T14:07:52","slug":"calendario-solidario-mozambique","status":"publish","type":"post","link":"https:\/\/apasantamariadelmar.org\/ApaSMM\/2024\/12\/calendario-solidario-mozambique\/","title":{"rendered":"Calendario Solidario Mozambique"},"content":{"rendered":"\n\n\n<p>Compartimos con todos vosotros esta informaci\u00f3n sobre el calendario solidario de ayuda a Mozambique.<\/p>\n<p>Si est\u00e1is interesados en adquirirlo pod\u00e9is escribirnos a trav\u00e9s de nuestro correo electr\u00f3nico(apa@apasantamariadelmar.org)<\/p>\n\n\n\n<blockquote>\n<p><em>Como todos los a\u00f1os, ponemos a la venta los calendarios Batik con fotograf\u00edas y textos de Paulo Teia sj. Este a\u00f1o las fotograf\u00edas se han realizado en Timor Leste, con el colorido y belleza de siempre. El precio del calendario es de 15 euros y se os dejar\u00e1n en porter\u00eda previo encargo. <\/em><em>Los beneficios de esta obra de arte social est\u00e1n dirigidos a dar apoyo alimentario, escolar, m\u00e9dico y jur\u00eddico a cincuenta ni\u00f1os y ni\u00f1as que viven de la venta ambulante en Tete (Mozambique) y a la escolarizaci\u00f3n de 120 ni\u00f1os y ni\u00f1as en Dili (Timor). Hasta el momento ya han terminado sus estudios secundarios, profesionales y universitarios m\u00e1s de 60 chicos y chicas de Tete. Os animamos a regalar esta obra de arte a vuestros familiares y amigos y a difundir su venta. Gracias<\/em><\/p>\n<\/blockquote>\n\n\n\n<p><img loading=\"lazy\" decoding=\"async\" class=\"alignnone size-medium wp-image-1964\" src=\"https:\/\/apasantamariadelmar.org\/ApaSMM\/wp-content\/uploads\/calendario-mozam2-300x221.png\" alt=\"\" width=\"300\" height=\"221\" srcset=\"https:\/\/apasantamariadelmar.org\/ApaSMM\/wp-content\/uploads\/calendario-mozam2-300x221.png 300w, https:\/\/apasantamariadelmar.org\/ApaSMM\/wp-content\/uploads\/calendario-mozam2-1024x755.png 1024w, https:\/\/apasantamariadelmar.org\/ApaSMM\/wp-content\/uploads\/calendario-mozam2-768x566.png 768w, https:\/\/apasantamariadelmar.org\/ApaSMM\/wp-content\/uploads\/calendario-mozam2-1536x1133.png 1536w, https:\/\/apasantamariadelmar.org\/ApaSMM\/wp-content\/uploads\/calendario-mozam2-960x708.png 960w, https:\/\/apasantamariadelmar.org\/ApaSMM\/wp-content\/uploads\/calendario-mozam2.png 1600w\" sizes=\"auto, (max-width: 300px) 100vw, 300px\" \/><\/p>\n<p><img loading=\"lazy\" decoding=\"async\" class=\"alignnone size-medium wp-image-1963\" src=\"https:\/\/apasantamariadelmar.org\/ApaSMM\/wp-content\/uploads\/calendario-moz-300x204.png\" alt=\"\" width=\"300\" height=\"204\" srcset=\"https:\/\/apasantamariadelmar.org\/ApaSMM\/wp-content\/uploads\/calendario-moz-300x204.png 300w, https:\/\/apasantamariadelmar.org\/ApaSMM\/wp-content\/uploads\/calendario-moz-1024x697.png 1024w, https:\/\/apasantamariadelmar.org\/ApaSMM\/wp-content\/uploads\/calendario-moz-768x523.png 768w, https:\/\/apasantamariadelmar.org\/ApaSMM\/wp-content\/uploads\/calendario-moz-1536x1045.png 1536w, https:\/\/apasantamariadelmar.org\/ApaSMM\/wp-content\/uploads\/calendario-moz-960x653.png 960w, https:\/\/apasantamariadelmar.org\/ApaSMM\/wp-content\/uploads\/calendario-moz.png 1600w\" sizes=\"auto, (max-width: 300px) 100vw, 300px\" \/><\/p>\n\n\n\n<div class=\"wp-block-columns is-layout-flex wp-container-core-columns-is-layout-9d6595d7 wp-block-columns-is-layout-flex\">\n<div class=\"wp-block-column is-layout-flow wp-block-column-is-layout-flow\" style=\"flex-basis:100%\"><\/div>\n<\/div>\n\n\n","protected":false},"excerpt":{"rendered":"<p>Compartimos con todos vosotros esta informaci\u00f3n sobre el calendario solidario de ayuda a Mozambique. Si est\u00e1is interesados en adquirirlo pod\u00e9is escribirnos a trav\u00e9s de nuestro correo electr\u00f3nico(apa@apasantamariadelmar.org) Como todos los a\u00f1os, ponemos a la venta los calendarios Batik con fotograf\u00edas y textos de Paulo Teia sj. Este a\u00f1o las fotograf\u00edas se han realizado en Timor <a href=\"https:\/\/apasantamariadelmar.org\/ApaSMM\/2024\/12\/calendario-solidario-mozambique\/\" class=\"more-link\">...contin\u00faa leyendo<span class=\"screen-reader-text\"> \"Calendario Solidario Mozambique\"<\/span><\/a><\/p>\n","protected":false},"author":1,"featured_media":0,"comment_status":"closed","ping_status":"closed","sticky":false,"template":"","format":"standard","meta":{"jetpack_post_was_ever_published":false,"_jetpack_newsletter_access":"","_jetpack_dont_email_post_to_subs":false,"_jetpack_newsletter_tier_id":0,"_jetpack_memberships_contains_paywalled_content":false,"_jetpack_memberships_contains_paid_content":false,"footnotes":""},"categories":[1],"tags":[],"class_list":{"0":"post-1961","1":"post","2":"type-post","3":"status-publish","4":"format-standard","6":"category-uncategorized","7":"h-entry","8":"hentry","9":"h-as-article"},"jetpack_featured_media_url":"","jetpack_sharing_enabled":true,"post_mailing_queue_ids":[],"_links":{"self":[{"href":"https:\/\/apasantamariadelmar.org\/ApaSMM\/wp-json\/wp\/v2\/posts\/1961","targetHints":{"allow":["GET"]}}],"collection":[{"href":"https:\/\/apasantamariadelmar.org\/ApaSMM\/wp-json\/wp\/v2\/posts"}],"about":[{"href":"https:\/\/apasantamariadelmar.org\/ApaSMM\/wp-json\/wp\/v2\/types\/post"}],"author":[{"embeddable":true,"href":"https:\/\/apasantamariadelmar.org\/ApaSMM\/wp-json\/wp\/v2\/users\/1"}],"replies":[{"embeddable":true,"href":"https:\/\/apasantamariadelmar.org\/ApaSMM\/wp-json\/wp\/v2\/comments?post=1961"}],"version-history":[{"count":5,"href":"https:\/\/apasantamariadelmar.org\/ApaSMM\/wp-json\/wp\/v2\/posts\/1961\/revisions"}],"predecessor-version":[{"id":1968,"href":"https:\/\/apasantamariadelmar.org\/ApaSMM\/wp-json\/wp\/v2\/posts\/1961\/revisions\/1968"}],"wp:attachment":[{"href":"https:\/\/apasantamariadelmar.org\/ApaSMM\/wp-json\/wp\/v2\/media?parent=1961"}],"wp:term":[{"taxonomy":"category","embeddable":true,"href":"https:\/\/apasantamariadelmar.org\/ApaSMM\/wp-json\/wp\/v2\/categories?post=1961"},{"taxonomy":"post_tag","embeddable":true,"href":"https:\/\/apasantamariadelmar.org\/ApaSMM\/wp-json\/wp\/v2\/tags?post=1961"}],"curies":[{"name":"wp","href":"https:\/\/api.w.org\/{rel}","templated":true}]}}