{"id":1971,"date":"2025-02-05T10:50:38","date_gmt":"2025-02-05T09:50:38","guid":{"rendered":"https:\/\/apasantamariadelmar.org\/ApaSMM\/?p=1971"},"modified":"2025-02-09T23:27:24","modified_gmt":"2025-02-09T22:27:24","slug":"conferencia-d-jose-antonio-vazquez-tain","status":"publish","type":"post","link":"https:\/\/apasantamariadelmar.org\/ApaSMM\/2025\/02\/conferencia-d-jose-antonio-vazquez-tain\/","title":{"rendered":"Conferencia D. Jos\u00e9 Antonio V\u00e1zquez Ta\u00edn"},"content":{"rendered":"\n<p>Os invitamos a participar en la charla que impartir\u00e1 el Juez Ta\u00edn el d\u00eda <strong>13 de febrero a las 20:00h<\/strong> en el Centro Fonseca:<\/p>\n\n\n\n<figure class=\"wp-block-image size-large\"><img loading=\"lazy\" decoding=\"async\" width=\"1024\" height=\"449\" src=\"https:\/\/apasantamariadelmar.org\/ApaSMM\/wp-content\/uploads\/cartel_tain-1024x449.jpg\" alt=\"\" class=\"wp-image-1980\" srcset=\"https:\/\/apasantamariadelmar.org\/ApaSMM\/wp-content\/uploads\/cartel_tain-1024x449.jpg 1024w, https:\/\/apasantamariadelmar.org\/ApaSMM\/wp-content\/uploads\/cartel_tain-300x132.jpg 300w, https:\/\/apasantamariadelmar.org\/ApaSMM\/wp-content\/uploads\/cartel_tain-768x337.jpg 768w, https:\/\/apasantamariadelmar.org\/ApaSMM\/wp-content\/uploads\/cartel_tain-1536x674.jpg 1536w, https:\/\/apasantamariadelmar.org\/ApaSMM\/wp-content\/uploads\/cartel_tain-2048x899.jpg 2048w, https:\/\/apasantamariadelmar.org\/ApaSMM\/wp-content\/uploads\/cartel_tain-960x421.jpg 960w\" sizes=\"auto, (max-width: 1024px) 100vw, 1024px\" \/><\/figure>\n\n\n\n<p><strong>AFORO LIMITADO. RESERVA TU PLAZA:<\/strong><\/p>\n\n\n\n<p>Asociados (desde hoy hasta el domingo 9 de febrero).<\/p>\n\n\n\n<p>No asociados (desde el 10 de febrero hasta completar aforo).<\/p>\n\n\n\n<p><a href=\"https:\/\/apasantamariadelmar.org\/asociados\/reserva?ide=4\" target=\"_blank\" rel=\"noopener\">SOLICITAR SU RESERVA<\/a><\/p>\n","protected":false},"excerpt":{"rendered":"<p>Os invitamos a participar en la charla que impartir\u00e1 el Juez Ta\u00edn el d\u00eda 13 de febrero a las 20:00h en el Centro Fonseca: AFORO LIMITADO. RESERVA TU PLAZA: Asociados (desde hoy hasta el domingo 9 de febrero). No asociados (desde el 10 de febrero hasta completar aforo). SOLICITAR SU RESERVA<\/p>\n","protected":false},"author":1,"featured_media":1980,"comment_status":"closed","ping_status":"closed","sticky":false,"template":"","format":"standard","meta":{"jetpack_post_was_ever_published":false,"_jetpack_newsletter_access":"","_jetpack_dont_email_post_to_subs":false,"_jetpack_newsletter_tier_id":0,"_jetpack_memberships_contains_paywalled_content":false,"_jetpack_memberships_contains_paid_content":false,"footnotes":""},"categories":[1],"tags":[],"class_list":{"0":"post-1971","1":"post","2":"type-post","3":"status-publish","4":"format-standard","5":"has-post-thumbnail","7":"category-uncategorized","8":"h-entry","9":"hentry","10":"h-as-article"},"jetpack_featured_media_url":"https:\/\/apasantamariadelmar.org\/ApaSMM\/wp-content\/uploads\/cartel_tain-scaled.jpg","jetpack_sharing_enabled":true,"post_mailing_queue_ids":[],"_links":{"self":[{"href":"https:\/\/apasantamariadelmar.org\/ApaSMM\/wp-json\/wp\/v2\/posts\/1971","targetHints":{"allow":["GET"]}}],"collection":[{"href":"https:\/\/apasantamariadelmar.org\/ApaSMM\/wp-json\/wp\/v2\/posts"}],"about":[{"href":"https:\/\/apasantamariadelmar.org\/ApaSMM\/wp-json\/wp\/v2\/types\/post"}],"author":[{"embeddable":true,"href":"https:\/\/apasantamariadelmar.org\/ApaSMM\/wp-json\/wp\/v2\/users\/1"}],"replies":[{"embeddable":true,"href":"https:\/\/apasantamariadelmar.org\/ApaSMM\/wp-json\/wp\/v2\/comments?post=1971"}],"version-history":[{"count":8,"href":"https:\/\/apasantamariadelmar.org\/ApaSMM\/wp-json\/wp\/v2\/posts\/1971\/revisions"}],"predecessor-version":[{"id":1985,"href":"https:\/\/apasantamariadelmar.org\/ApaSMM\/wp-json\/wp\/v2\/posts\/1971\/revisions\/1985"}],"wp:featuredmedia":[{"embeddable":true,"href":"https:\/\/apasantamariadelmar.org\/ApaSMM\/wp-json\/wp\/v2\/media\/1980"}],"wp:attachment":[{"href":"https:\/\/apasantamariadelmar.org\/ApaSMM\/wp-json\/wp\/v2\/media?parent=1971"}],"wp:term":[{"taxonomy":"category","embeddable":true,"href":"https:\/\/apasantamariadelmar.org\/ApaSMM\/wp-json\/wp\/v2\/categories?post=1971"},{"taxonomy":"post_tag","embeddable":true,"href":"https:\/\/apasantamariadelmar.org\/ApaSMM\/wp-json\/wp\/v2\/tags?post=1971"}],"curies":[{"name":"wp","href":"https:\/\/api.w.org\/{rel}","templated":true}]}}