{"id":2002,"date":"2025-04-22T14:28:07","date_gmt":"2025-04-22T12:28:07","guid":{"rendered":"https:\/\/apasantamariadelmar.org\/ApaSMM\/?p=2002"},"modified":"2025-04-22T14:30:04","modified_gmt":"2025-04-22T12:30:04","slug":"festival-solidario-fitas-do-vento","status":"publish","type":"post","link":"https:\/\/apasantamariadelmar.org\/ApaSMM\/2025\/04\/festival-solidario-fitas-do-vento\/","title":{"rendered":"Festival Solidario \u00abFitas do Vento\u00bb"},"content":{"rendered":"\n<p>Encuentro que celebra la conexi\u00f3n entre escuelas gallegas y africanas, a trav\u00e9s de la educaci\u00f3n, la cultura y la solidaridad.<\/p>\n<p>SEDE A FUNDACI\u00d3N, R\u00faa Cant\u00f3n Grande, 8<\/p>\n<p>JUEVES 24 de abril a las 18:30 h<\/p>\n\n\n\n<figure class=\"wp-block-image size-large\"><img loading=\"lazy\" decoding=\"async\" width=\"1024\" height=\"477\" src=\"https:\/\/apasantamariadelmar.org\/ApaSMM\/wp-content\/uploads\/Invitacion-fitas-2-1024x477.jpg\" alt=\"\" class=\"wp-image-2009\" srcset=\"https:\/\/apasantamariadelmar.org\/ApaSMM\/wp-content\/uploads\/Invitacion-fitas-2-1024x477.jpg 1024w, https:\/\/apasantamariadelmar.org\/ApaSMM\/wp-content\/uploads\/Invitacion-fitas-2-300x140.jpg 300w, https:\/\/apasantamariadelmar.org\/ApaSMM\/wp-content\/uploads\/Invitacion-fitas-2-768x358.jpg 768w, https:\/\/apasantamariadelmar.org\/ApaSMM\/wp-content\/uploads\/Invitacion-fitas-2-1536x716.jpg 1536w, https:\/\/apasantamariadelmar.org\/ApaSMM\/wp-content\/uploads\/Invitacion-fitas-2-2048x955.jpg 2048w, https:\/\/apasantamariadelmar.org\/ApaSMM\/wp-content\/uploads\/Invitacion-fitas-2-960x447.jpg 960w\" sizes=\"auto, (max-width: 1024px) 100vw, 1024px\" \/><\/figure>\n\n\n","protected":false},"excerpt":{"rendered":"<p>Encuentro que celebra la conexi\u00f3n entre escuelas gallegas y africanas, a trav\u00e9s de la educaci\u00f3n, la cultura y la solidaridad. SEDE A FUNDACI\u00d3N, R\u00faa Cant\u00f3n Grande, 8 JUEVES 24 de abril a las 18:30 h<\/p>\n","protected":false},"author":1,"featured_media":0,"comment_status":"closed","ping_status":"closed","sticky":false,"template":"","format":"standard","meta":{"jetpack_post_was_ever_published":false,"_jetpack_newsletter_access":"","_jetpack_dont_email_post_to_subs":false,"_jetpack_newsletter_tier_id":0,"_jetpack_memberships_contains_paywalled_content":false,"_jetpack_memberships_contains_paid_content":false,"footnotes":""},"categories":[1],"tags":[],"class_list":{"0":"post-2002","1":"post","2":"type-post","3":"status-publish","4":"format-standard","6":"category-uncategorized","7":"h-entry","8":"hentry","9":"h-as-article"},"jetpack_featured_media_url":"","jetpack_sharing_enabled":true,"post_mailing_queue_ids":[],"_links":{"self":[{"href":"https:\/\/apasantamariadelmar.org\/ApaSMM\/wp-json\/wp\/v2\/posts\/2002","targetHints":{"allow":["GET"]}}],"collection":[{"href":"https:\/\/apasantamariadelmar.org\/ApaSMM\/wp-json\/wp\/v2\/posts"}],"about":[{"href":"https:\/\/apasantamariadelmar.org\/ApaSMM\/wp-json\/wp\/v2\/types\/post"}],"author":[{"embeddable":true,"href":"https:\/\/apasantamariadelmar.org\/ApaSMM\/wp-json\/wp\/v2\/users\/1"}],"replies":[{"embeddable":true,"href":"https:\/\/apasantamariadelmar.org\/ApaSMM\/wp-json\/wp\/v2\/comments?post=2002"}],"version-history":[{"count":4,"href":"https:\/\/apasantamariadelmar.org\/ApaSMM\/wp-json\/wp\/v2\/posts\/2002\/revisions"}],"predecessor-version":[{"id":2011,"href":"https:\/\/apasantamariadelmar.org\/ApaSMM\/wp-json\/wp\/v2\/posts\/2002\/revisions\/2011"}],"wp:attachment":[{"href":"https:\/\/apasantamariadelmar.org\/ApaSMM\/wp-json\/wp\/v2\/media?parent=2002"}],"wp:term":[{"taxonomy":"category","embeddable":true,"href":"https:\/\/apasantamariadelmar.org\/ApaSMM\/wp-json\/wp\/v2\/categories?post=2002"},{"taxonomy":"post_tag","embeddable":true,"href":"https:\/\/apasantamariadelmar.org\/ApaSMM\/wp-json\/wp\/v2\/tags?post=2002"}],"curies":[{"name":"wp","href":"https:\/\/api.w.org\/{rel}","templated":true}]}}