{"id":2012,"date":"2025-04-24T14:28:50","date_gmt":"2025-04-24T12:28:50","guid":{"rendered":"https:\/\/apasantamariadelmar.org\/ApaSMM\/?p=2012"},"modified":"2025-05-19T12:21:00","modified_gmt":"2025-05-19T10:21:00","slug":"educacion-afectivo-sexual-para-familias-como-abordarla","status":"publish","type":"post","link":"https:\/\/apasantamariadelmar.org\/ApaSMM\/2025\/04\/educacion-afectivo-sexual-para-familias-como-abordarla\/","title":{"rendered":"CAMBIO DE FECHA: MA\u00d1ANA 20 de mayo Educaci\u00f3n afectivo-sexual para familias: \u00bfc\u00f3mo abordarla?"},"content":{"rendered":"\n\n\n\n\n\n\n\n\n\n\n<p><span style=\"color: #ff0000;\"><strong>D\u00eda: martes 20 de mayo<\/strong><\/span><\/p>\n<p><span style=\"color: #ff0000;\"><strong>Hora: 19:00<\/strong><\/span><\/p>\n<p><span style=\"color: #ff0000;\"><strong>Lugar: Sal\u00f3n de actos del Colegio Santa Mar\u00eda del Mar<\/strong><\/span><\/p>\n\n\n\n\n\n<p>Se trabajar\u00e1n contenidos como:<\/p>\n<ul>\n<li>\u00bfQu\u00e9 es la sexualidad?<\/li>\n<li>\u00bfCu\u00e1ndo debemos empezar a hablar de ello con nuestros hijos\/as?<\/li>\n<li>Tipos y enfoques de educaci\u00f3n afectivo-sexual<\/li>\n<li>Reflexiones sobre la educaci\u00f3n afectivo-sexual, qu\u00e9 damos o qu\u00e9 reciben nuestros hijos\/as<\/li>\n<li>Ventajas de la educaci\u00f3n afectivo-sexual. \u00bfQu\u00e9 debemos tener en cuenta?<\/li>\n<li>\u00bfC\u00f3mo abordar los cambios e inconformidades f\u00edsicas en la adolescencia?<\/li>\n<li>\u00a0Hablar sobre el amor y desamor con nuestros hijos\/as<\/li>\n<li>Orientaci\u00f3n sexual<\/li>\n<li>ETS y m\u00e9todos anticonceptivos<\/li>\n<li>Pornograf\u00eda y consentimiento<\/li>\n<\/ul>\n","protected":false},"excerpt":{"rendered":"<p>D\u00eda: martes 20 de mayo Hora: 19:00 Lugar: Sal\u00f3n de actos del Colegio Santa Mar\u00eda del Mar Se trabajar\u00e1n contenidos como: \u00bfQu\u00e9 es la sexualidad? \u00bfCu\u00e1ndo debemos empezar a hablar de ello con nuestros hijos\/as? Tipos y enfoques de educaci\u00f3n afectivo-sexual Reflexiones sobre la educaci\u00f3n afectivo-sexual, qu\u00e9 damos o qu\u00e9 reciben nuestros hijos\/as Ventajas de <a href=\"https:\/\/apasantamariadelmar.org\/ApaSMM\/2025\/04\/educacion-afectivo-sexual-para-familias-como-abordarla\/\" class=\"more-link\">...contin\u00faa leyendo<span class=\"screen-reader-text\"> \"CAMBIO DE FECHA: MA\u00d1ANA 20 de mayo Educaci\u00f3n afectivo-sexual para familias: \u00bfc\u00f3mo abordarla?\"<\/span><\/a><\/p>\n","protected":false},"author":1,"featured_media":0,"comment_status":"closed","ping_status":"closed","sticky":false,"template":"","format":"standard","meta":{"jetpack_post_was_ever_published":false,"_jetpack_newsletter_access":"","_jetpack_dont_email_post_to_subs":false,"_jetpack_newsletter_tier_id":0,"_jetpack_memberships_contains_paywalled_content":false,"_jetpack_memberships_contains_paid_content":false,"footnotes":""},"categories":[1],"tags":[],"class_list":{"0":"post-2012","1":"post","2":"type-post","3":"status-publish","4":"format-standard","6":"category-uncategorized","7":"h-entry","8":"hentry","9":"h-as-article"},"jetpack_featured_media_url":"","jetpack_sharing_enabled":true,"post_mailing_queue_ids":[],"_links":{"self":[{"href":"https:\/\/apasantamariadelmar.org\/ApaSMM\/wp-json\/wp\/v2\/posts\/2012","targetHints":{"allow":["GET"]}}],"collection":[{"href":"https:\/\/apasantamariadelmar.org\/ApaSMM\/wp-json\/wp\/v2\/posts"}],"about":[{"href":"https:\/\/apasantamariadelmar.org\/ApaSMM\/wp-json\/wp\/v2\/types\/post"}],"author":[{"embeddable":true,"href":"https:\/\/apasantamariadelmar.org\/ApaSMM\/wp-json\/wp\/v2\/users\/1"}],"replies":[{"embeddable":true,"href":"https:\/\/apasantamariadelmar.org\/ApaSMM\/wp-json\/wp\/v2\/comments?post=2012"}],"version-history":[{"count":3,"href":"https:\/\/apasantamariadelmar.org\/ApaSMM\/wp-json\/wp\/v2\/posts\/2012\/revisions"}],"predecessor-version":[{"id":2017,"href":"https:\/\/apasantamariadelmar.org\/ApaSMM\/wp-json\/wp\/v2\/posts\/2012\/revisions\/2017"}],"wp:attachment":[{"href":"https:\/\/apasantamariadelmar.org\/ApaSMM\/wp-json\/wp\/v2\/media?parent=2012"}],"wp:term":[{"taxonomy":"category","embeddable":true,"href":"https:\/\/apasantamariadelmar.org\/ApaSMM\/wp-json\/wp\/v2\/categories?post=2012"},{"taxonomy":"post_tag","embeddable":true,"href":"https:\/\/apasantamariadelmar.org\/ApaSMM\/wp-json\/wp\/v2\/tags?post=2012"}],"curies":[{"name":"wp","href":"https:\/\/api.w.org\/{rel}","templated":true}]}}