{"id":417,"date":"2017-06-09T17:01:49","date_gmt":"2017-06-09T17:01:49","guid":{"rendered":"http:\/\/apa-smm.esy.es\/?p=417"},"modified":"2017-06-09T17:08:27","modified_gmt":"2017-06-09T17:08:27","slug":"mercadillo-solidario","status":"publish","type":"post","link":"https:\/\/apasantamariadelmar.org\/ApaSMM\/2017\/06\/mercadillo-solidario\/","title":{"rendered":"Mercadillo solidario"},"content":{"rendered":"<p>Con el fin de colaborar con la Ong Jesuita para la educaci\u00f3n y el desarrollo <a href=\"http:\/\/www.entreculturas.org\/\" target=\"_blank\" rel=\"noopener noreferrer\"><span class=\"s2\">ENTRECULTURAS<\/span><\/a>, este mes de junio tendr\u00e1 lugar una nueva edici\u00f3n del mercadillo solidario en el siguiente horario:<!--more--><\/p>\n<ul class=\"ul1\">\n<li class=\"li1\"><span class=\"s1\">Jueves 22 de 14:00 a 20:00 en el hall del colegio.<\/span><\/li>\n<li class=\"li1\"><span class=\"s1\">Viernes 23 de 10:00 a 19:00 en el hall del colegio.<\/span><\/li>\n<\/ul>\n<p class=\"p1\"><span class=\"s1\">Pero para que este mercadillo se pueda llevar a cabo necesitamos vuestra colaboraci\u00f3n donando todo ese material al que ya no le vamos a dar uso, pero que todav\u00eda est\u00e1 en buen estado, para que otras familias puedan adquirirlo por un precio simb\u00f3lico y seguir utiliz\u00e1ndolo. Concretamente, estamos hablando de uniformes, ropa deportiva reglamentaria del colegio, libros de texto y libros en general que se encuentren en buen estado de uso.<\/span><\/p>\n<p class=\"p1\"><span class=\"s1\">El material donado podr\u00e1 entregarse en los siguientes lugares:<\/span><\/p>\n<ul class=\"ul1\">\n<li class=\"li1\"><span class=\"s1\">En las propias aulas los d\u00edas 14 y 15 de junio.<\/span><\/li>\n<li class=\"li1\"><span class=\"s1\">En la recepci\u00f3n del colegio de 9:00 a 18:00 del 16 al 19 de junio.<\/span><\/li>\n<\/ul>\n<p class=\"p1\"><span class=\"s1\">M\u00e1s informaci\u00f3n <a href=\"http:\/\/apa-smm.esy.es\/wp-content\/uploads\/2017\/06\/Mercadillo-solidario.jpeg\" target=\"_blank\" rel=\"noopener noreferrer\"><span class=\"s2\">aqu\u00ed<\/span><\/a>.<\/span><\/p>\n<p class=\"p1\"><span class=\"s1\">Desde el APA queremos agradecer de antemano vuestra participaci\u00f3n.<\/span><\/p>\n","protected":false},"excerpt":{"rendered":"<p>Con el fin de colaborar con la Ong Jesuita para la educaci\u00f3n y el desarrollo ENTRECULTURAS, este mes de junio tendr\u00e1 lugar una nueva edici\u00f3n del mercadillo solidario en el siguiente horario:<\/p>\n","protected":false},"author":1,"featured_media":0,"comment_status":"closed","ping_status":"closed","sticky":false,"template":"","format":"standard","meta":{"jetpack_post_was_ever_published":false,"_jetpack_newsletter_access":"","_jetpack_dont_email_post_to_subs":false,"_jetpack_newsletter_tier_id":0,"_jetpack_memberships_contains_paywalled_content":false,"_jetpack_memberships_contains_paid_content":false,"footnotes":""},"categories":[1],"tags":[],"class_list":{"0":"post-417","1":"post","2":"type-post","3":"status-publish","4":"format-standard","6":"category-uncategorized","7":"h-entry","8":"hentry","9":"h-as-article"},"jetpack_featured_media_url":"","jetpack_sharing_enabled":true,"post_mailing_queue_ids":[],"_links":{"self":[{"href":"https:\/\/apasantamariadelmar.org\/ApaSMM\/wp-json\/wp\/v2\/posts\/417","targetHints":{"allow":["GET"]}}],"collection":[{"href":"https:\/\/apasantamariadelmar.org\/ApaSMM\/wp-json\/wp\/v2\/posts"}],"about":[{"href":"https:\/\/apasantamariadelmar.org\/ApaSMM\/wp-json\/wp\/v2\/types\/post"}],"author":[{"embeddable":true,"href":"https:\/\/apasantamariadelmar.org\/ApaSMM\/wp-json\/wp\/v2\/users\/1"}],"replies":[{"embeddable":true,"href":"https:\/\/apasantamariadelmar.org\/ApaSMM\/wp-json\/wp\/v2\/comments?post=417"}],"version-history":[{"count":3,"href":"https:\/\/apasantamariadelmar.org\/ApaSMM\/wp-json\/wp\/v2\/posts\/417\/revisions"}],"predecessor-version":[{"id":422,"href":"https:\/\/apasantamariadelmar.org\/ApaSMM\/wp-json\/wp\/v2\/posts\/417\/revisions\/422"}],"wp:attachment":[{"href":"https:\/\/apasantamariadelmar.org\/ApaSMM\/wp-json\/wp\/v2\/media?parent=417"}],"wp:term":[{"taxonomy":"category","embeddable":true,"href":"https:\/\/apasantamariadelmar.org\/ApaSMM\/wp-json\/wp\/v2\/categories?post=417"},{"taxonomy":"post_tag","embeddable":true,"href":"https:\/\/apasantamariadelmar.org\/ApaSMM\/wp-json\/wp\/v2\/tags?post=417"}],"curies":[{"name":"wp","href":"https:\/\/api.w.org\/{rel}","templated":true}]}}