{"id":529,"date":"2018-06-12T14:29:10","date_gmt":"2018-06-12T12:29:10","guid":{"rendered":"https:\/\/apasantamariadelmar.org\/ApaSMM\/?p=529"},"modified":"2018-06-12T14:29:10","modified_gmt":"2018-06-12T12:29:10","slug":"renovacion-de-la-junta-directiva","status":"publish","type":"post","link":"https:\/\/apasantamariadelmar.org\/ApaSMM\/2018\/06\/renovacion-de-la-junta-directiva\/","title":{"rendered":"Renovaci\u00f3n de la Junta Directiva"},"content":{"rendered":"<p>Tras la baja de varios miembros de la Junta Directiva, a los que queremos agradecer el esfuerzo y dedicaci\u00f3n prestados durante todos estos meses, y para el correcto funcionamiento de la Junta, se procede a designar como nuevos miembros a las personas que, seg\u00fan los resultados de la votaci\u00f3n del 30\/03\/2017, obtuvieron un n\u00famero de votos inmediatamente inferior a los obtenidos por la \u00faltima persona que adquiri\u00f3 la condici\u00f3n de miembro.\u00a0<!--more--><\/p>\n<p>De este modo, la Junta Directiva queda establecida de la siguiente manera:<\/p>\n<ul>\n<li>Teresa Castro. Presidenta.<\/li>\n<li>Santiago Rodr\u00edguez. Vicepresidente.<\/li>\n<li>Juan Pedro Bescansa. Secretario.<\/li>\n<li>Bruno de Llano. Vicesecretario.<\/li>\n<li>\u00c1ngel Santos. Tesorero.<\/li>\n<li>Loreto G\u00f3mez. Contadora.<\/li>\n<li>Beatriz Ares. Vocal.<\/li>\n<li>Bego\u00f1a Gra\u00f1a. Vocal.<\/li>\n<li>I\u00f1aki Cubillo. Vocal.<\/li>\n<li>Javier Antonio Garc\u00eda. Vocal.<\/li>\n<li>Luc\u00eda Pedreira. Vocal.<\/li>\n<li>Mar\u00eda S\u00e1nchez. Vocal.<\/li>\n<li>Mar\u00eda Bel\u00e9n L\u00f3pez. Vocal.<\/li>\n<li>Morelva Pi\u00f1eiro. Vocal.<\/li>\n<\/ul>\n","protected":false},"excerpt":{"rendered":"<p>Tras la baja de varios miembros de la Junta Directiva, a los que queremos agradecer el esfuerzo y dedicaci\u00f3n prestados durante todos estos meses, y para el correcto funcionamiento de la Junta, se procede a designar como nuevos miembros a las personas que, seg\u00fan los resultados de la votaci\u00f3n del 30\/03\/2017, obtuvieron un n\u00famero de <a href=\"https:\/\/apasantamariadelmar.org\/ApaSMM\/2018\/06\/renovacion-de-la-junta-directiva\/\" class=\"more-link\">...contin\u00faa leyendo<span class=\"screen-reader-text\"> \"Renovaci\u00f3n de la Junta Directiva\"<\/span><\/a><\/p>\n","protected":false},"author":1,"featured_media":0,"comment_status":"closed","ping_status":"closed","sticky":false,"template":"","format":"standard","meta":{"jetpack_post_was_ever_published":false,"_jetpack_newsletter_access":"","_jetpack_dont_email_post_to_subs":false,"_jetpack_newsletter_tier_id":0,"_jetpack_memberships_contains_paywalled_content":false,"_jetpack_memberships_contains_paid_content":false,"footnotes":""},"categories":[1],"tags":[],"class_list":{"0":"post-529","1":"post","2":"type-post","3":"status-publish","4":"format-standard","6":"category-uncategorized","7":"h-entry","8":"hentry","9":"h-as-article"},"jetpack_featured_media_url":"","jetpack_sharing_enabled":true,"post_mailing_queue_ids":[],"_links":{"self":[{"href":"https:\/\/apasantamariadelmar.org\/ApaSMM\/wp-json\/wp\/v2\/posts\/529","targetHints":{"allow":["GET"]}}],"collection":[{"href":"https:\/\/apasantamariadelmar.org\/ApaSMM\/wp-json\/wp\/v2\/posts"}],"about":[{"href":"https:\/\/apasantamariadelmar.org\/ApaSMM\/wp-json\/wp\/v2\/types\/post"}],"author":[{"embeddable":true,"href":"https:\/\/apasantamariadelmar.org\/ApaSMM\/wp-json\/wp\/v2\/users\/1"}],"replies":[{"embeddable":true,"href":"https:\/\/apasantamariadelmar.org\/ApaSMM\/wp-json\/wp\/v2\/comments?post=529"}],"version-history":[{"count":2,"href":"https:\/\/apasantamariadelmar.org\/ApaSMM\/wp-json\/wp\/v2\/posts\/529\/revisions"}],"predecessor-version":[{"id":531,"href":"https:\/\/apasantamariadelmar.org\/ApaSMM\/wp-json\/wp\/v2\/posts\/529\/revisions\/531"}],"wp:attachment":[{"href":"https:\/\/apasantamariadelmar.org\/ApaSMM\/wp-json\/wp\/v2\/media?parent=529"}],"wp:term":[{"taxonomy":"category","embeddable":true,"href":"https:\/\/apasantamariadelmar.org\/ApaSMM\/wp-json\/wp\/v2\/categories?post=529"},{"taxonomy":"post_tag","embeddable":true,"href":"https:\/\/apasantamariadelmar.org\/ApaSMM\/wp-json\/wp\/v2\/tags?post=529"}],"curies":[{"name":"wp","href":"https:\/\/api.w.org\/{rel}","templated":true}]}}