{"id":532,"date":"2018-06-12T14:31:59","date_gmt":"2018-06-12T12:31:59","guid":{"rendered":"https:\/\/apasantamariadelmar.org\/ApaSMM\/?p=532"},"modified":"2018-06-12T14:33:05","modified_gmt":"2018-06-12T12:33:05","slug":"mercadillo-solidario-3","status":"publish","type":"post","link":"https:\/\/apasantamariadelmar.org\/ApaSMM\/2018\/06\/mercadillo-solidario-3\/","title":{"rendered":"Mercadillo solidario"},"content":{"rendered":"<p>Con el fin de colaborar con la Ong Jesuita para la educaci\u00f3n y el desarrollo <a href=\"http:\/\/www.entreculturas.org\">ENTRECULTURAS<\/a>, este mes de junio tendr\u00e1 lugar una nueva edici\u00f3n del mercadillo solidario en el siguiente horario:<\/p>\n<ul>\n<li>Mi\u00e9rcoles 27 de 10:30 a 12:30 en el hall del colegio.<\/li>\n<li>Jueves 28 de 16:30 a 18:30 en el hall del colegio.<\/li>\n<\/ul>\n<p><!--more--><\/p>\n<p>Pero para que este mercadillo se pueda llevar a cabo necesitamos vuestra colaboraci\u00f3n donando todo ese material al que ya no le vamos a dar uso, pero que todav\u00eda est\u00e1 en buen estado, para que otras familias puedan adquirirlo por un precio simb\u00f3lico y seguir utiliz\u00e1ndolo. Concretamente, estamos hablando de uniformes, ropa deportiva reglamentaria del colegio, libros de texto y libros en general que se encuentren en buen estado de uso.<\/p>\n<p>El material donado podr\u00e1 entregarse en la recepci\u00f3n del colegio en horario escolar hasta el lunes 25 de junio.<\/p>\n<p>Asimismo, el material que se encuentre en objetos perdidos podr\u00e1 recuperarse en el colegio hasta el mes de septiembre. <u>Todo el material que no se haya reclamado hasta ese momento ser\u00e1 donado por el colegio al mercadillo<\/u> que tendr\u00e1 lugar a principios del pr\u00f3ximo curso.<\/p>\n<p>M\u00e1s informaci\u00f3n <a href=\"https:\/\/apasantamariadelmar.org\/ApaSMM\/wp-content\/uploads\/2018\/06\/Carta-Mercadillo-2018-06-1.pdf\">aqu\u00ed<\/a>.<\/p>\n<p>Desde el APA queremos agradecer de antemano vuestra participaci\u00f3n.<\/p>\n","protected":false},"excerpt":{"rendered":"<p>Con el fin de colaborar con la Ong Jesuita para la educaci\u00f3n y el desarrollo ENTRECULTURAS, este mes de junio tendr\u00e1 lugar una nueva edici\u00f3n del mercadillo solidario en el siguiente horario: Mi\u00e9rcoles 27 de 10:30 a 12:30 en el hall del colegio. Jueves 28 de 16:30 a 18:30 en el hall del colegio.<\/p>\n","protected":false},"author":1,"featured_media":0,"comment_status":"closed","ping_status":"closed","sticky":false,"template":"","format":"standard","meta":{"jetpack_post_was_ever_published":false,"_jetpack_newsletter_access":"","_jetpack_dont_email_post_to_subs":false,"_jetpack_newsletter_tier_id":0,"_jetpack_memberships_contains_paywalled_content":false,"_jetpack_memberships_contains_paid_content":false,"footnotes":""},"categories":[1],"tags":[],"class_list":{"0":"post-532","1":"post","2":"type-post","3":"status-publish","4":"format-standard","6":"category-uncategorized","7":"h-entry","8":"hentry","9":"h-as-article"},"jetpack_featured_media_url":"","jetpack_sharing_enabled":true,"post_mailing_queue_ids":[],"_links":{"self":[{"href":"https:\/\/apasantamariadelmar.org\/ApaSMM\/wp-json\/wp\/v2\/posts\/532","targetHints":{"allow":["GET"]}}],"collection":[{"href":"https:\/\/apasantamariadelmar.org\/ApaSMM\/wp-json\/wp\/v2\/posts"}],"about":[{"href":"https:\/\/apasantamariadelmar.org\/ApaSMM\/wp-json\/wp\/v2\/types\/post"}],"author":[{"embeddable":true,"href":"https:\/\/apasantamariadelmar.org\/ApaSMM\/wp-json\/wp\/v2\/users\/1"}],"replies":[{"embeddable":true,"href":"https:\/\/apasantamariadelmar.org\/ApaSMM\/wp-json\/wp\/v2\/comments?post=532"}],"version-history":[{"count":2,"href":"https:\/\/apasantamariadelmar.org\/ApaSMM\/wp-json\/wp\/v2\/posts\/532\/revisions"}],"predecessor-version":[{"id":536,"href":"https:\/\/apasantamariadelmar.org\/ApaSMM\/wp-json\/wp\/v2\/posts\/532\/revisions\/536"}],"wp:attachment":[{"href":"https:\/\/apasantamariadelmar.org\/ApaSMM\/wp-json\/wp\/v2\/media?parent=532"}],"wp:term":[{"taxonomy":"category","embeddable":true,"href":"https:\/\/apasantamariadelmar.org\/ApaSMM\/wp-json\/wp\/v2\/categories?post=532"},{"taxonomy":"post_tag","embeddable":true,"href":"https:\/\/apasantamariadelmar.org\/ApaSMM\/wp-json\/wp\/v2\/tags?post=532"}],"curies":[{"name":"wp","href":"https:\/\/api.w.org\/{rel}","templated":true}]}}