{"id":90,"date":"2017-04-08T19:56:22","date_gmt":"2017-04-08T19:56:22","guid":{"rendered":"http:\/\/apa-smm.esy.es\/?p=90"},"modified":"2017-05-31T17:46:59","modified_gmt":"2017-05-31T17:46:59","slug":"elecciones-a-la-junta-directiva-nuevos-miembros-de-la-junta","status":"publish","type":"post","link":"https:\/\/apasantamariadelmar.org\/ApaSMM\/2017\/04\/elecciones-a-la-junta-directiva-nuevos-miembros-de-la-junta\/","title":{"rendered":"ELECCIONES A LA JUNTA DIRECTIVA: NUEVOS MIEMBROS DE LA JUNTA"},"content":{"rendered":"<p>Estimadas familias, tras las elecciones a la Junta Directiva del APA celebradas el pasado 30\/03\/2017 ponemos en vuestro conocimiento la nueva composici\u00f3n de la Junta y sus cargos<!--more-->:<\/p>\n<p><strong>Javier M\u00aa Golpe Vila.<\/strong> Presidente.<br \/>\n<strong>Teresa Moreno L\u00f3pez.<\/strong> Vicepresidente.<br \/>\n<strong>Juan Pedro Bescansa Alonso.<\/strong> Secretario.<br \/>\n<strong>Bruno de Llano G\u00f3mez-Ulla.<\/strong> Vicesecretario.<br \/>\n<strong>\u00c1ngel Santos Gal\u00e1n.<\/strong> Tesorero.<br \/>\n<strong>Blanca L\u00f3pez Hern\u00e1ndez.<\/strong> Contadora.<br \/>\n<strong>Santiago Rodr\u00edguez Y\u00e1\u00f1ez.<\/strong> Vocal.<br \/>\n<strong>Teresa Castro Gonz\u00e1lez.<\/strong> Vocal.<br \/>\n<strong>Morelva Pi\u00f1eiro Temprano.<\/strong> Vocal.<br \/>\n<strong>Pedro de Marcos Lorenzo<\/strong>. Vocal.<br \/>\n<strong>Luis Buend\u00eda Fern\u00e1ndez<\/strong>. Vocal.<br \/>\n<strong>Fernando S\u00e1nchez Gal\u00e1n.<\/strong> Vocal.<br \/>\n<strong>Luc\u00eda Pedreira Varela.<\/strong> Vocal.<br \/>\n<strong>Manuel Ferreiro G\u00f3mez.<\/strong> Vocal.<br \/>\n<strong>Enrique Alejandro Marcotegui Pisoni.<\/strong> Vocal.<br \/>\n<strong>Patricia Rodr\u00edguez Garc\u00eda.<\/strong> Vocal.<br \/>\n<strong>Mar\u00eda S\u00e1nchez Mart\u00ednez.<\/strong> Vocal.<\/p>\n<p>Agradecemos muy sinceramente la amplia participaci\u00f3n de los asociados.<\/p>\n","protected":false},"excerpt":{"rendered":"<p>Estimadas familias, tras las elecciones a la Junta Directiva del APA celebradas el pasado 30\/03\/2017 ponemos en vuestro conocimiento la nueva composici\u00f3n de la Junta y sus cargos<\/p>\n","protected":false},"author":1,"featured_media":0,"comment_status":"closed","ping_status":"closed","sticky":false,"template":"","format":"standard","meta":{"jetpack_post_was_ever_published":false,"_jetpack_newsletter_access":"","_jetpack_dont_email_post_to_subs":false,"_jetpack_newsletter_tier_id":0,"_jetpack_memberships_contains_paywalled_content":false,"_jetpack_memberships_contains_paid_content":false,"footnotes":""},"categories":[1],"tags":[],"class_list":{"0":"post-90","1":"post","2":"type-post","3":"status-publish","4":"format-standard","6":"category-uncategorized","7":"h-entry","8":"hentry","9":"h-as-article"},"jetpack_featured_media_url":"","jetpack_sharing_enabled":true,"post_mailing_queue_ids":[],"_links":{"self":[{"href":"https:\/\/apasantamariadelmar.org\/ApaSMM\/wp-json\/wp\/v2\/posts\/90","targetHints":{"allow":["GET"]}}],"collection":[{"href":"https:\/\/apasantamariadelmar.org\/ApaSMM\/wp-json\/wp\/v2\/posts"}],"about":[{"href":"https:\/\/apasantamariadelmar.org\/ApaSMM\/wp-json\/wp\/v2\/types\/post"}],"author":[{"embeddable":true,"href":"https:\/\/apasantamariadelmar.org\/ApaSMM\/wp-json\/wp\/v2\/users\/1"}],"replies":[{"embeddable":true,"href":"https:\/\/apasantamariadelmar.org\/ApaSMM\/wp-json\/wp\/v2\/comments?post=90"}],"version-history":[{"count":4,"href":"https:\/\/apasantamariadelmar.org\/ApaSMM\/wp-json\/wp\/v2\/posts\/90\/revisions"}],"predecessor-version":[{"id":108,"href":"https:\/\/apasantamariadelmar.org\/ApaSMM\/wp-json\/wp\/v2\/posts\/90\/revisions\/108"}],"wp:attachment":[{"href":"https:\/\/apasantamariadelmar.org\/ApaSMM\/wp-json\/wp\/v2\/media?parent=90"}],"wp:term":[{"taxonomy":"category","embeddable":true,"href":"https:\/\/apasantamariadelmar.org\/ApaSMM\/wp-json\/wp\/v2\/categories?post=90"},{"taxonomy":"post_tag","embeddable":true,"href":"https:\/\/apasantamariadelmar.org\/ApaSMM\/wp-json\/wp\/v2\/tags?post=90"}],"curies":[{"name":"wp","href":"https:\/\/api.w.org\/{rel}","templated":true}]}}